{"id":94838,"date":"2022-09-16T13:34:12","date_gmt":"2022-09-16T12:34:12","guid":{"rendered":"https:\/\/mondepress.net\/?p=94838"},"modified":"2022-09-16T13:34:12","modified_gmt":"2022-09-16T12:34:12","slug":"fetes-de-septembre-2022-30-ans-de-courts-metrages-belges-francophone","status":"publish","type":"post","link":"https:\/\/mondepress.net\/?p=94838","title":{"rendered":"F\u00eates de septembre 2022 &#8211;  30 ans de courts-m\u00e9trages belges francophone"},"content":{"rendered":"<p>\u0645\u0648\u0646\u062f \u0628\u0631\u064a\u0633<\/p>\n<p>Communiqu\u00e9 de presse de la D\u00e9l\u00e9gation G\u00e9n\u00e9rale Wallonie-Bruxelles au Maroc<\/p>\n<p>Les F\u00eates de septembre c\u00e9l\u00e8brent \u00e0 travers le monde les F\u00eates de Wallonie et la F\u00eate de la F\u00e9d\u00e9ration Wallonie-Bruxelles (FWB).<\/p>\n<p>Les F\u00eates de septembre sont de retour cette ann\u00e9e. Venez d\u00e9couvrir un panorama de 30 courts-m\u00e9trages qui ont fait l\u2019histoire du cin\u00e9ma belge francophone !<\/p>\n<p>Du 16 septembre au 16 octobre 2022, les courts-m\u00e9trages sont disponibles gratuitement \u00e0 travers le monde pour un maximum de 1.000 places par film sur notre plateforme (certaines restrictions territoriales pouvant s\u2019appliquer selon les films).<br \/>\nLes courts m\u00e9trages sont accessibles depuis le site Festival Scope<\/p>\n<p>L\u2019\u00e9v\u00e9nement est propos\u00e9 par Wallonie-Bruxelles International (WBI) en partenariat avec le Centre Wallonie-Bruxelles \u00e0 Paris pour marquer les 30 ans du Festival \u2018Le Court en dit long\u2019.<\/p>\n<p>Cette op\u00e9ration s\u2019inscrit dans le cadre des F\u00eates de septembre. WBI et ses r\u00e9seaux dans le monde c\u00e9l\u00e8brent ainsi au mois de septembre les F\u00eates de Wallonie et la F\u00eate de la F\u00e9d\u00e9ration Wallonie-Bruxelles. L\u2019occasion de participer \u00e0 de nombreux \u00e9v\u00e9nements en pr\u00e9sentiel comme en virtuel et de suivre diff\u00e9rentes actions programm\u00e9es par les r\u00e9seaux diplomatiques et sectoriels de WBI.<\/p>\n<p>Suivez les actualit\u00e9s de Wallonie-Bruxelles International le site de WBI et de la D\u00e9l\u00e9gation g\u00e9n\u00e9rale Wallonie-Bruxelles au Maroc sur le site wallonie-bruxelles.ma<\/p>\n<p>https:\/\/wbi.be\/FetesDeSeptembre2022<\/p>\n","protected":false},"excerpt":{"rendered":"<div class=\"mh-excerpt\"><p>\u0645\u0648\u0646\u062f \u0628\u0631\u064a\u0633 Communiqu\u00e9 de presse de la D\u00e9l\u00e9gation G\u00e9n\u00e9rale Wallonie-Bruxelles au Maroc Les F\u00eates de septembre c\u00e9l\u00e8brent \u00e0 travers le monde les F\u00eates de Wallonie et la F\u00eate de la F\u00e9d\u00e9ration Wallonie-Bruxelles (FWB). Les F\u00eates<\/p>\n<div class=\"nh-excerpt-more clearfix\"> <a class=\"\" href=\"https:\/\/mondepress.net\/?p=94838\" title=\"F\u00eates de septembre 2022 &#8211;  30 ans de courts-m\u00e9trages belges francophone\">[&#8230;]<\/a><\/div>\n<\/div>","protected":false},"author":128,"featured_media":94839,"comment_status":"open","ping_status":"open","sticky":false,"template":"","format":"standard","meta":{"_jetpack_newsletter_access":"","_jetpack_dont_email_post_to_subs":false,"_jetpack_newsletter_tier_id":0,"_jetpack_memberships_contains_paywalled_content":false,"_jetpack_feature_clip_id":0,"_jetpack_memberships_contains_paid_content":false,"footnotes":"","jetpack_publicize_message":"","jetpack_publicize_feature_enabled":true,"jetpack_social_post_already_shared":true,"jetpack_social_options":{"image_generator_settings":{"template":"highway","default_image_id":0,"font":"","enabled":false},"version":2},"jetpack_post_was_ever_published":false},"categories":[1,42,25,15],"tags":[],"class_list":["post-94838","post","type-post","status-publish","format-standard","has-post-thumbnail","category-1","category-42","category-25","category-15"],"yoast_head":"<!-- This site is optimized with the Yoast SEO plugin v28.3 - https:\/\/yoast.com\/product\/yoast-seo-wordpress\/ -->\n<title>F\u00eates de septembre 2022 - 30 ans de courts-m\u00e9trages belges francophone \u062c\u0631\u064a\u062f\u0629 \u0645\u0648\u0646\u062f \u0628\u0631\u064a\u0633 \u0623\u062e\u0628\u0627\u0631<\/title>\n<meta name=\"robots\" content=\"index, follow, max-snippet:-1, max-image-preview:large, max-video-preview:-1\" \/>\n<link rel=\"canonical\" href=\"https:\/\/mondepress.net\/?p=94838\" \/>\n<meta property=\"og:locale\" content=\"ar_AR\" \/>\n<meta property=\"og:type\" content=\"article\" \/>\n<meta property=\"og:title\" content=\"F\u00eates de septembre 2022 - 30 ans de courts-m\u00e9trages belges francophone \u062c\u0631\u064a\u062f\u0629 \u0645\u0648\u0646\u062f \u0628\u0631\u064a\u0633 \u0623\u062e\u0628\u0627\u0631\" \/>\n<meta property=\"og:description\" content=\"\u0645\u0648\u0646\u062f \u0628\u0631\u064a\u0633 Communiqu\u00e9 de presse de la D\u00e9l\u00e9gation G\u00e9n\u00e9rale Wallonie-Bruxelles au Maroc Les F\u00eates de septembre c\u00e9l\u00e8brent \u00e0 travers le monde les F\u00eates de Wallonie et la F\u00eate de la F\u00e9d\u00e9ration Wallonie-Bruxelles (FWB). Les F\u00eates [...]\" \/>\n<meta property=\"og:url\" content=\"https:\/\/mondepress.net\/?p=94838\" \/>\n<meta property=\"og:site_name\" content=\"\u062c\u0631\u064a\u062f\u0629 \u0645\u0648\u0646\u062f \u0628\u0631\u064a\u0633\" \/>\n<meta property=\"article:publisher\" content=\"https:\/\/www.facebook.com\/mondepress?mibextid=ZbWKwL\" \/>\n<meta property=\"article:author\" content=\"https:\/\/www.facebook.com\/hicham.zrairipro\" \/>\n<meta property=\"article:published_time\" content=\"2022-09-16T12:34:12+00:00\" \/>\n<meta property=\"og:image\" content=\"https:\/\/i0.wp.com\/mondepress.net\/wp-content\/uploads\/2022\/09\/Screenshot_20220916-133338_Gmail.jpg?fit=1080%2C611&ssl=1\" \/>\n\t<meta property=\"og:image:width\" content=\"1080\" \/>\n\t<meta property=\"og:image:height\" content=\"611\" \/>\n\t<meta property=\"og:image:type\" content=\"image\/jpeg\" \/>\n<meta name=\"author\" content=\"Admin\" \/>\n<meta name=\"twitter:card\" content=\"summary_large_image\" \/>\n<meta name=\"twitter:creator\" content=\"@PresseMonde\" \/>\n<meta name=\"twitter:site\" content=\"@PresseMonde\" \/>\n<meta name=\"twitter:label1\" content=\"\u0643\u064f\u062a\u0628 \u0628\u0648\u0627\u0633\u0637\u0629\" \/>\n\t<meta name=\"twitter:data1\" content=\"Admin\" \/>\n\t<meta name=\"twitter:label2\" content=\"\u0648\u0642\u062a \u0627\u0644\u0642\u0631\u0627\u0621\u0629 \u0627\u0644\u0645\u064f\u0642\u062f\u0651\u0631\" \/>\n\t<meta name=\"twitter:data2\" content=\"\u062f\u0642\u064a\u0642\u0629 \u0648\u0627\u062d\u062f\u0629\" \/>\n<script type=\"application\/ld+json\" class=\"yoast-schema-graph\">{\"@context\":\"https:\\\/\\\/schema.org\",\"@graph\":[{\"@type\":\"Article\",\"@id\":\"https:\\\/\\\/mondepress.net\\\/?p=94838#article\",\"isPartOf\":{\"@id\":\"https:\\\/\\\/mondepress.net\\\/?p=94838\"},\"author\":{\"name\":\"Admin\",\"@id\":\"https:\\\/\\\/mondepress.net\\\/#\\\/schema\\\/person\\\/8928d8bed4941457311b619f0a63da9c\"},\"headline\":\"F\u00eates de septembre 2022 &#8211; 30 ans de courts-m\u00e9trages belges francophone\",\"datePublished\":\"2022-09-16T12:34:12+00:00\",\"mainEntityOfPage\":{\"@id\":\"https:\\\/\\\/mondepress.net\\\/?p=94838\"},\"wordCount\":258,\"commentCount\":0,\"image\":{\"@id\":\"https:\\\/\\\/mondepress.net\\\/?p=94838#primaryimage\"},\"thumbnailUrl\":\"https:\\\/\\\/i0.wp.com\\\/mondepress.net\\\/wp-content\\\/uploads\\\/2022\\\/09\\\/Screenshot_20220916-133338_Gmail.jpg?fit=1080%2C611&ssl=1\",\"articleSection\":[\"\u0623\u062e\u0628\u0627\u0631\",\"\u0641\u0639\u0627\u0644\u064a\u0627\u062a\",\"\u0641\u064a \u0627\u0644\u0648\u0627\u062c\u0647\u0629\",\"\u0645\u062c\u062a\u0645\u0639\"],\"inLanguage\":\"ar\",\"potentialAction\":[{\"@type\":\"CommentAction\",\"name\":\"Comment\",\"target\":[\"https:\\\/\\\/mondepress.net\\\/?p=94838#respond\"]}]},{\"@type\":\"WebPage\",\"@id\":\"https:\\\/\\\/mondepress.net\\\/?p=94838\",\"url\":\"https:\\\/\\\/mondepress.net\\\/?p=94838\",\"name\":\"F\u00eates de septembre 2022 - 30 ans de courts-m\u00e9trages belges francophone \u062c\u0631\u064a\u062f\u0629 \u0645\u0648\u0646\u062f \u0628\u0631\u064a\u0633 \u0623\u062e\u0628\u0627\u0631\",\"isPartOf\":{\"@id\":\"https:\\\/\\\/mondepress.net\\\/#website\"},\"primaryImageOfPage\":{\"@id\":\"https:\\\/\\\/mondepress.net\\\/?p=94838#primaryimage\"},\"image\":{\"@id\":\"https:\\\/\\\/mondepress.net\\\/?p=94838#primaryimage\"},\"thumbnailUrl\":\"https:\\\/\\\/i0.wp.com\\\/mondepress.net\\\/wp-content\\\/uploads\\\/2022\\\/09\\\/Screenshot_20220916-133338_Gmail.jpg?fit=1080%2C611&ssl=1\",\"datePublished\":\"2022-09-16T12:34:12+00:00\",\"author\":{\"@id\":\"https:\\\/\\\/mondepress.net\\\/#\\\/schema\\\/person\\\/8928d8bed4941457311b619f0a63da9c\"},\"breadcrumb\":{\"@id\":\"https:\\\/\\\/mondepress.net\\\/?p=94838#breadcrumb\"},\"inLanguage\":\"ar\",\"potentialAction\":[{\"@type\":\"ReadAction\",\"target\":[\"https:\\\/\\\/mondepress.net\\\/?p=94838\"]}]},{\"@type\":\"ImageObject\",\"inLanguage\":\"ar\",\"@id\":\"https:\\\/\\\/mondepress.net\\\/?p=94838#primaryimage\",\"url\":\"https:\\\/\\\/i0.wp.com\\\/mondepress.net\\\/wp-content\\\/uploads\\\/2022\\\/09\\\/Screenshot_20220916-133338_Gmail.jpg?fit=1080%2C611&ssl=1\",\"contentUrl\":\"https:\\\/\\\/i0.wp.com\\\/mondepress.net\\\/wp-content\\\/uploads\\\/2022\\\/09\\\/Screenshot_20220916-133338_Gmail.jpg?fit=1080%2C611&ssl=1\",\"width\":1080,\"height\":611},{\"@type\":\"BreadcrumbList\",\"@id\":\"https:\\\/\\\/mondepress.net\\\/?p=94838#breadcrumb\",\"itemListElement\":[{\"@type\":\"ListItem\",\"position\":1,\"name\":\"Home\",\"item\":\"https:\\\/\\\/mondepress.net\\\/\"},{\"@type\":\"ListItem\",\"position\":2,\"name\":\"F\u00eates de septembre 2022 &#8211; 30 ans de courts-m\u00e9trages belges francophone\"}]},{\"@type\":\"WebSite\",\"@id\":\"https:\\\/\\\/mondepress.net\\\/#website\",\"url\":\"https:\\\/\\\/mondepress.net\\\/\",\"name\":\"\u062c\u0631\u064a\u062f\u0629 \u0645\u0648\u0646\u062f \u0628\u0631\u064a\u0633\",\"description\":\"\u0645\u0648\u0642\u0639 \u0625\u062e\u0628\u0627\u0631\u064a \u0645\u0633\u062a\u0642\u0644 \u064a\u0646\u0642\u0644 \u0623\u062e\u0628\u0627\u0631 \u0627\u0644\u062c\u0647\u0629 \u0648 \u0623\u062e\u0628\u0627\u0631 \u0627\u0644\u0648\u0637\u0646 \u0648\u0627\u0644\u0639\u0627\u0644\u0645 \u0627\u0644\u0639\u0631\u0628\u064a \u0648\u0627\u0644\u0625\u0633\u0644\u0627\u0645\u064a \u0648\u0627\u0644\u062f\u0648\u0644\u064a \u0648 \u064a\u0647\u062f\u0641 \u0625\u0644\u0649 \u0646\u0642\u0644 \u0645\u0627 \u064a\u062f\u0648\u0631 \u0645\u0646 \u0623\u062d\u062f\u0627\u062b \u0648\u0623\u062e\u0628\u0627\u0631 \u0645\u0646 \u0632\u0648\u0627\u064a\u0627 \u0645\u062e\u062a\u0644\u0641\u0629 \u0645\u0644\u062a\u0632\u0645 \u0628\u0645\u064a\u062b\u0627\u0642 \u0634\u0631\u0641 \u0627\u0644\u0635\u062d\u0627\u0641\u0629 \u0648\u0623\u062e\u0644\u0627\u0642\u064a\u0627\u062a \u0627\u0644\u0639\u0645\u0644 \u0627\u0644\u0635\u062d\u0641\u064a \u0628\u0635\u0648\u0631\u062a\u0647 \u0627\u0644\u0639\u0627\u0645\u0629 \u0648\u0627\u0644\u0634\u0641\u0627\u0641\u064a\u0629 \u0648 \u0627\u0644\u062d\u064a\u0627\u062f\u064a\u0629 \u0627\u0644\u062a\u0627\u0645\u0629 \u0628\u0639\u064a\u062f\u0627\u064b \u0639\u0646 \u0627\u0644\u062a\u062d\u064a\u0632 \u0644\u0623\u064a \u062c\u0647\u0629 \u060c \u0645\u0644\u062a\u0632\u0645\u064a\u0646 \u0628\u0627\u0644\u0645\u0628\u0627\u062f\u0626 \u0627\u0644\u062f\u064a\u0646\u064a\u0629 \u0627\u0644\u0625\u0633\u0644\u0627\u0645\u064a\u0629 \u0648\u0628\u0642\u0648\u0627\u0646\u064a\u0646 \u0648\u0623\u0646\u0638\u0645\u0629 \u0627\u0644\u0628\u0644\u062f .\",\"potentialAction\":[{\"@type\":\"SearchAction\",\"target\":{\"@type\":\"EntryPoint\",\"urlTemplate\":\"https:\\\/\\\/mondepress.net\\\/?s={search_term_string}\"},\"query-input\":{\"@type\":\"PropertyValueSpecification\",\"valueRequired\":true,\"valueName\":\"search_term_string\"}}],\"inLanguage\":\"ar\"},{\"@type\":\"Person\",\"@id\":\"https:\\\/\\\/mondepress.net\\\/#\\\/schema\\\/person\\\/8928d8bed4941457311b619f0a63da9c\",\"name\":\"Admin\",\"image\":{\"@type\":\"ImageObject\",\"inLanguage\":\"ar\",\"@id\":\"https:\\\/\\\/secure.gravatar.com\\\/avatar\\\/377431318539315720405a4eaae6bdeb73f79d6f7636efee3859dbbe0122899b?s=96&d=mm&r=g\",\"url\":\"https:\\\/\\\/secure.gravatar.com\\\/avatar\\\/377431318539315720405a4eaae6bdeb73f79d6f7636efee3859dbbe0122899b?s=96&d=mm&r=g\",\"contentUrl\":\"https:\\\/\\\/secure.gravatar.com\\\/avatar\\\/377431318539315720405a4eaae6bdeb73f79d6f7636efee3859dbbe0122899b?s=96&d=mm&r=g\",\"caption\":\"Admin\"},\"sameAs\":[\"http:\\\/\\\/www.mondepress.net\",\"https:\\\/\\\/www.facebook.com\\\/hicham.zrairipro\",\"https:\\\/\\\/www.instagram.com\\\/mondepress.net1\\\/\",\"https:\\\/\\\/www.youtube.com\\\/@mondepresse\"],\"url\":\"https:\\\/\\\/mondepress.net\\\/?author=128\"}]}<\/script>\n<!-- \/ Yoast SEO plugin. -->","yoast_head_json":{"title":"F\u00eates de septembre 2022 - 30 ans de courts-m\u00e9trages belges francophone \u062c\u0631\u064a\u062f\u0629 \u0645\u0648\u0646\u062f \u0628\u0631\u064a\u0633 \u0623\u062e\u0628\u0627\u0631","robots":{"index":"index","follow":"follow","max-snippet":"max-snippet:-1","max-image-preview":"max-image-preview:large","max-video-preview":"max-video-preview:-1"},"canonical":"https:\/\/mondepress.net\/?p=94838","og_locale":"ar_AR","og_type":"article","og_title":"F\u00eates de septembre 2022 - 30 ans de courts-m\u00e9trages belges francophone \u062c\u0631\u064a\u062f\u0629 \u0645\u0648\u0646\u062f \u0628\u0631\u064a\u0633 \u0623\u062e\u0628\u0627\u0631","og_description":"\u0645\u0648\u0646\u062f \u0628\u0631\u064a\u0633 Communiqu\u00e9 de presse de la D\u00e9l\u00e9gation G\u00e9n\u00e9rale Wallonie-Bruxelles au Maroc Les F\u00eates de septembre c\u00e9l\u00e8brent \u00e0 travers le monde les F\u00eates de Wallonie et la F\u00eate de la F\u00e9d\u00e9ration Wallonie-Bruxelles (FWB). Les F\u00eates [...]","og_url":"https:\/\/mondepress.net\/?p=94838","og_site_name":"\u062c\u0631\u064a\u062f\u0629 \u0645\u0648\u0646\u062f \u0628\u0631\u064a\u0633","article_publisher":"https:\/\/www.facebook.com\/mondepress?mibextid=ZbWKwL","article_author":"https:\/\/www.facebook.com\/hicham.zrairipro","article_published_time":"2022-09-16T12:34:12+00:00","og_image":[{"width":1080,"height":611,"url":"https:\/\/i0.wp.com\/mondepress.net\/wp-content\/uploads\/2022\/09\/Screenshot_20220916-133338_Gmail.jpg?fit=1080%2C611&ssl=1","type":"image\/jpeg"}],"author":"Admin","twitter_card":"summary_large_image","twitter_creator":"@PresseMonde","twitter_site":"@PresseMonde","twitter_misc":{"\u0643\u064f\u062a\u0628 \u0628\u0648\u0627\u0633\u0637\u0629":"Admin","\u0648\u0642\u062a \u0627\u0644\u0642\u0631\u0627\u0621\u0629 \u0627\u0644\u0645\u064f\u0642\u062f\u0651\u0631":"\u062f\u0642\u064a\u0642\u0629 \u0648\u0627\u062d\u062f\u0629"},"schema":{"@context":"https:\/\/schema.org","@graph":[{"@type":"Article","@id":"https:\/\/mondepress.net\/?p=94838#article","isPartOf":{"@id":"https:\/\/mondepress.net\/?p=94838"},"author":{"name":"Admin","@id":"https:\/\/mondepress.net\/#\/schema\/person\/8928d8bed4941457311b619f0a63da9c"},"headline":"F\u00eates de septembre 2022 &#8211; 30 ans de courts-m\u00e9trages belges francophone","datePublished":"2022-09-16T12:34:12+00:00","mainEntityOfPage":{"@id":"https:\/\/mondepress.net\/?p=94838"},"wordCount":258,"commentCount":0,"image":{"@id":"https:\/\/mondepress.net\/?p=94838#primaryimage"},"thumbnailUrl":"https:\/\/i0.wp.com\/mondepress.net\/wp-content\/uploads\/2022\/09\/Screenshot_20220916-133338_Gmail.jpg?fit=1080%2C611&ssl=1","articleSection":["\u0623\u062e\u0628\u0627\u0631","\u0641\u0639\u0627\u0644\u064a\u0627\u062a","\u0641\u064a \u0627\u0644\u0648\u0627\u062c\u0647\u0629","\u0645\u062c\u062a\u0645\u0639"],"inLanguage":"ar","potentialAction":[{"@type":"CommentAction","name":"Comment","target":["https:\/\/mondepress.net\/?p=94838#respond"]}]},{"@type":"WebPage","@id":"https:\/\/mondepress.net\/?p=94838","url":"https:\/\/mondepress.net\/?p=94838","name":"F\u00eates de septembre 2022 - 30 ans de courts-m\u00e9trages belges francophone \u062c\u0631\u064a\u062f\u0629 \u0645\u0648\u0646\u062f \u0628\u0631\u064a\u0633 \u0623\u062e\u0628\u0627\u0631","isPartOf":{"@id":"https:\/\/mondepress.net\/#website"},"primaryImageOfPage":{"@id":"https:\/\/mondepress.net\/?p=94838#primaryimage"},"image":{"@id":"https:\/\/mondepress.net\/?p=94838#primaryimage"},"thumbnailUrl":"https:\/\/i0.wp.com\/mondepress.net\/wp-content\/uploads\/2022\/09\/Screenshot_20220916-133338_Gmail.jpg?fit=1080%2C611&ssl=1","datePublished":"2022-09-16T12:34:12+00:00","author":{"@id":"https:\/\/mondepress.net\/#\/schema\/person\/8928d8bed4941457311b619f0a63da9c"},"breadcrumb":{"@id":"https:\/\/mondepress.net\/?p=94838#breadcrumb"},"inLanguage":"ar","potentialAction":[{"@type":"ReadAction","target":["https:\/\/mondepress.net\/?p=94838"]}]},{"@type":"ImageObject","inLanguage":"ar","@id":"https:\/\/mondepress.net\/?p=94838#primaryimage","url":"https:\/\/i0.wp.com\/mondepress.net\/wp-content\/uploads\/2022\/09\/Screenshot_20220916-133338_Gmail.jpg?fit=1080%2C611&ssl=1","contentUrl":"https:\/\/i0.wp.com\/mondepress.net\/wp-content\/uploads\/2022\/09\/Screenshot_20220916-133338_Gmail.jpg?fit=1080%2C611&ssl=1","width":1080,"height":611},{"@type":"BreadcrumbList","@id":"https:\/\/mondepress.net\/?p=94838#breadcrumb","itemListElement":[{"@type":"ListItem","position":1,"name":"Home","item":"https:\/\/mondepress.net\/"},{"@type":"ListItem","position":2,"name":"F\u00eates de septembre 2022 &#8211; 30 ans de courts-m\u00e9trages belges francophone"}]},{"@type":"WebSite","@id":"https:\/\/mondepress.net\/#website","url":"https:\/\/mondepress.net\/","name":"\u062c\u0631\u064a\u062f\u0629 \u0645\u0648\u0646\u062f \u0628\u0631\u064a\u0633","description":"\u0645\u0648\u0642\u0639 \u0625\u062e\u0628\u0627\u0631\u064a \u0645\u0633\u062a\u0642\u0644 \u064a\u0646\u0642\u0644 \u0623\u062e\u0628\u0627\u0631 \u0627\u0644\u062c\u0647\u0629 \u0648 \u0623\u062e\u0628\u0627\u0631 \u0627\u0644\u0648\u0637\u0646 \u0648\u0627\u0644\u0639\u0627\u0644\u0645 \u0627\u0644\u0639\u0631\u0628\u064a \u0648\u0627\u0644\u0625\u0633\u0644\u0627\u0645\u064a \u0648\u0627\u0644\u062f\u0648\u0644\u064a \u0648 \u064a\u0647\u062f\u0641 \u0625\u0644\u0649 \u0646\u0642\u0644 \u0645\u0627 \u064a\u062f\u0648\u0631 \u0645\u0646 \u0623\u062d\u062f\u0627\u062b \u0648\u0623\u062e\u0628\u0627\u0631 \u0645\u0646 \u0632\u0648\u0627\u064a\u0627 \u0645\u062e\u062a\u0644\u0641\u0629 \u0645\u0644\u062a\u0632\u0645 \u0628\u0645\u064a\u062b\u0627\u0642 \u0634\u0631\u0641 \u0627\u0644\u0635\u062d\u0627\u0641\u0629 \u0648\u0623\u062e\u0644\u0627\u0642\u064a\u0627\u062a \u0627\u0644\u0639\u0645\u0644 \u0627\u0644\u0635\u062d\u0641\u064a \u0628\u0635\u0648\u0631\u062a\u0647 \u0627\u0644\u0639\u0627\u0645\u0629 \u0648\u0627\u0644\u0634\u0641\u0627\u0641\u064a\u0629 \u0648 \u0627\u0644\u062d\u064a\u0627\u062f\u064a\u0629 \u0627\u0644\u062a\u0627\u0645\u0629 \u0628\u0639\u064a\u062f\u0627\u064b \u0639\u0646 \u0627\u0644\u062a\u062d\u064a\u0632 \u0644\u0623\u064a \u062c\u0647\u0629 \u060c \u0645\u0644\u062a\u0632\u0645\u064a\u0646 \u0628\u0627\u0644\u0645\u0628\u0627\u062f\u0626 \u0627\u0644\u062f\u064a\u0646\u064a\u0629 \u0627\u0644\u0625\u0633\u0644\u0627\u0645\u064a\u0629 \u0648\u0628\u0642\u0648\u0627\u0646\u064a\u0646 \u0648\u0623\u0646\u0638\u0645\u0629 \u0627\u0644\u0628\u0644\u062f .","potentialAction":[{"@type":"SearchAction","target":{"@type":"EntryPoint","urlTemplate":"https:\/\/mondepress.net\/?s={search_term_string}"},"query-input":{"@type":"PropertyValueSpecification","valueRequired":true,"valueName":"search_term_string"}}],"inLanguage":"ar"},{"@type":"Person","@id":"https:\/\/mondepress.net\/#\/schema\/person\/8928d8bed4941457311b619f0a63da9c","name":"Admin","image":{"@type":"ImageObject","inLanguage":"ar","@id":"https:\/\/secure.gravatar.com\/avatar\/377431318539315720405a4eaae6bdeb73f79d6f7636efee3859dbbe0122899b?s=96&d=mm&r=g","url":"https:\/\/secure.gravatar.com\/avatar\/377431318539315720405a4eaae6bdeb73f79d6f7636efee3859dbbe0122899b?s=96&d=mm&r=g","contentUrl":"https:\/\/secure.gravatar.com\/avatar\/377431318539315720405a4eaae6bdeb73f79d6f7636efee3859dbbe0122899b?s=96&d=mm&r=g","caption":"Admin"},"sameAs":["http:\/\/www.mondepress.net","https:\/\/www.facebook.com\/hicham.zrairipro","https:\/\/www.instagram.com\/mondepress.net1\/","https:\/\/www.youtube.com\/@mondepresse"],"url":"https:\/\/mondepress.net\/?author=128"}]}},"jetpack_publicize_connections":[],"jetpack_sharing_enabled":true,"jetpack_likes_enabled":true,"jetpack-related-posts":[{"id":71389,"url":"https:\/\/mondepress.net\/?p=71389","url_meta":{"origin":94838,"position":0},"title":"&#8221; Une question dans le cin\u00e9ma marocain pour le r\u00e9alisateur Saad Chraibi&#8221;","author":"Admin","date":"7 \u064a\u0648\u0644\u064a\u0648\u060c 2021","format":false,"excerpt":"\u0645\u0648\u0646\u062f \u0628\u0631\u064a\u0633 Pr\u00e9par\u00e9 et pr\u00e9sent\u00e9 par : Abderrahim ECHCHAFII - journaliste - chercheur en \u00e9tudes cin\u00e9matographiques - assistant r\u00e9alisateur Bienvenue \u00e0 l'invit\u00e9 d'honneur, le r\u00e9alisateur marocain Saad Chraibi, r\u00e9alisateur du film \"Islam Ya Salam\". Au d\u00e9but, pr\u00e9sentez-vous aux lecteurs? R : Sa\u00e2d Chraibi est un sc\u00e9nariste\/ R\u00e9alisateur\/ producteur qui travaille\u2026","rel":"","context":"\u0641\u064a &quot;\u0623\u062e\u0628\u0627\u0631&quot;","block_context":{"text":"\u0623\u062e\u0628\u0627\u0631","link":"https:\/\/mondepress.net\/?cat=1"},"img":{"alt_text":"","src":"https:\/\/i0.wp.com\/mondepress.net\/wp-content\/uploads\/2021\/07\/IMG-20210707-WA0079.jpg?fit=720%2C404&ssl=1&resize=350%2C200","width":350,"height":200,"srcset":"https:\/\/i0.wp.com\/mondepress.net\/wp-content\/uploads\/2021\/07\/IMG-20210707-WA0079.jpg?fit=720%2C404&ssl=1&resize=350%2C200 1x, https:\/\/i0.wp.com\/mondepress.net\/wp-content\/uploads\/2021\/07\/IMG-20210707-WA0079.jpg?fit=720%2C404&ssl=1&resize=525%2C300 1.5x, https:\/\/i0.wp.com\/mondepress.net\/wp-content\/uploads\/2021\/07\/IMG-20210707-WA0079.jpg?fit=720%2C404&ssl=1&resize=700%2C400 2x"},"classes":[]},{"id":67899,"url":"https:\/\/mondepress.net\/?p=67899","url_meta":{"origin":94838,"position":1},"title":"Mastafa Amadjar, Directeur de la Communication du Maroc\u00a0: \u00ab\u00a0La presse doit se red\u00e9ployer face \u00e0 la r\u00e9volution digitale\u00a0\u00bb","author":"Admin","date":"9 \u0645\u0627\u064a\u0648\u060c 2021","format":false,"excerpt":"www.mondepress.net Mastafa Amadjar est le Directeur de la Communication au minist\u00e8re de la Culture, de la Jeunesse et des Sports du Maroc. Dans cette interview, il \u00e9voque la situation de la presse dans le royaume ch\u00e9rifien dans un double contexte marqu\u00e9 par la crise sanitaire et le d\u00e9veloppement du digital.\u00a0\u2026","rel":"","context":"\u0641\u064a &quot;\u0623\u062e\u0628\u0627\u0631&quot;","block_context":{"text":"\u0623\u062e\u0628\u0627\u0631","link":"https:\/\/mondepress.net\/?cat=1"},"img":{"alt_text":"","src":"https:\/\/i0.wp.com\/mondepress.net\/wp-content\/uploads\/2021\/05\/Screenshot_20210509-001338_Chrome.jpg?fit=939%2C602&ssl=1&resize=350%2C200","width":350,"height":200,"srcset":"https:\/\/i0.wp.com\/mondepress.net\/wp-content\/uploads\/2021\/05\/Screenshot_20210509-001338_Chrome.jpg?fit=939%2C602&ssl=1&resize=350%2C200 1x, https:\/\/i0.wp.com\/mondepress.net\/wp-content\/uploads\/2021\/05\/Screenshot_20210509-001338_Chrome.jpg?fit=939%2C602&ssl=1&resize=525%2C300 1.5x, https:\/\/i0.wp.com\/mondepress.net\/wp-content\/uploads\/2021\/05\/Screenshot_20210509-001338_Chrome.jpg?fit=939%2C602&ssl=1&resize=700%2C400 2x"},"classes":[]},{"id":13120,"url":"https:\/\/mondepress.net\/?p=13120","url_meta":{"origin":94838,"position":2},"title":"Le pr\u00e9ambule de la constitution en France et au Maroc :vers une \u00e9tude comparative","author":"Admin","date":"5 \u0645\u0627\u064a\u0648\u060c 2019","format":false,"excerpt":"Monde press : Par Abderrahim Adnaoui Professeur desciences politiques Universit\u00e9Hassan II ; FSJES Ain Chock Un pr\u00e9ambule, c\u2019est, selon le Littr\u00e9, < ce qui s\u2019\u00e9crit ou ce qui se dit avant de commencer quelque chose, et qui est comme l\u2019introduction, pour pr\u00e9parer le lecteur ou l\u2019auditeur a ce qui doit\u2026","rel":"","context":"\u0641\u064a &quot;\u0623\u0642\u0644\u0627\u0645 \u0645\u0648\u0646\u062f \u0628\u0631\u064a\u0633&quot;","block_context":{"text":"\u0623\u0642\u0644\u0627\u0645 \u0645\u0648\u0646\u062f \u0628\u0631\u064a\u0633","link":"https:\/\/mondepress.net\/?cat=27"},"img":{"alt_text":"","src":"https:\/\/i0.wp.com\/mondepress.net\/wp-content\/uploads\/2019\/05\/received_288158965464687.jpeg?fit=829%2C646&ssl=1&resize=350%2C200","width":350,"height":200,"srcset":"https:\/\/i0.wp.com\/mondepress.net\/wp-content\/uploads\/2019\/05\/received_288158965464687.jpeg?fit=829%2C646&ssl=1&resize=350%2C200 1x, https:\/\/i0.wp.com\/mondepress.net\/wp-content\/uploads\/2019\/05\/received_288158965464687.jpeg?fit=829%2C646&ssl=1&resize=525%2C300 1.5x, https:\/\/i0.wp.com\/mondepress.net\/wp-content\/uploads\/2019\/05\/received_288158965464687.jpeg?fit=829%2C646&ssl=1&resize=700%2C400 2x"},"classes":[]},{"id":49788,"url":"https:\/\/mondepress.net\/?p=49788","url_meta":{"origin":94838,"position":3},"title":"Le Comit\u00e9 R\u00e9gional de Veille Economique de la R\u00e9gion de Casablanca- Settat a tenu le mercredi 26 Ao\u00fbt 2020, sa troisi\u00e8me r\u00e9union sous la pr\u00e9sidence du Wali de la r\u00e9gion Monsieur Said AHMIDOUCH, en pr\u00e9sence de M. BAKKOURY, Pr\u00e9sident du Conseil de la r\u00e9gion.","author":"Admin","date":"27 \u0623\u063a\u0633\u0637\u0633\u060c 2020","format":false,"excerpt":"\u00a0 :Monde press Cette r\u00e9union a \u00e9t\u00e9 l\u2019occasion de pr\u00e9senter la restitution des recommandations issues de la concertation g\u00e9n\u00e9rale lanc\u00e9e et orchestr\u00e9e par le CRI, selon une d\u00e9marche participative, innovante et cr\u00e9ative, qui a su mobiliser plus de 120 organismes tout statut confondu : CGEM, f\u00e9d\u00e9rations, conf\u00e9d\u00e9rations sectorielles et associations\u2026","rel":"","context":"\u0641\u064a &quot;\u0623\u062e\u0628\u0627\u0631&quot;","block_context":{"text":"\u0623\u062e\u0628\u0627\u0631","link":"https:\/\/mondepress.net\/?cat=1"},"img":{"alt_text":"","src":"https:\/\/i0.wp.com\/mondepress.net\/wp-content\/uploads\/2020\/08\/received_310792387015996.jpeg?fit=1200%2C948&ssl=1&resize=350%2C200","width":350,"height":200,"srcset":"https:\/\/i0.wp.com\/mondepress.net\/wp-content\/uploads\/2020\/08\/received_310792387015996.jpeg?fit=1200%2C948&ssl=1&resize=350%2C200 1x, https:\/\/i0.wp.com\/mondepress.net\/wp-content\/uploads\/2020\/08\/received_310792387015996.jpeg?fit=1200%2C948&ssl=1&resize=525%2C300 1.5x, https:\/\/i0.wp.com\/mondepress.net\/wp-content\/uploads\/2020\/08\/received_310792387015996.jpeg?fit=1200%2C948&ssl=1&resize=700%2C400 2x, https:\/\/i0.wp.com\/mondepress.net\/wp-content\/uploads\/2020\/08\/received_310792387015996.jpeg?fit=1200%2C948&ssl=1&resize=1050%2C600 3x"},"classes":[]},{"id":64221,"url":"https:\/\/mondepress.net\/?p=64221","url_meta":{"origin":94838,"position":4},"title":"L&#8217;acteur de cin\u00e9ma au Maroc: Entre la cr\u00e9ation de personnage et performance artistique.","author":"Admin","date":"3 \u0645\u0627\u0631\u0633\u060c 2021","format":false,"excerpt":"Mondepress: Par ECHCHAFII abderrahim Dans l'introduction \u00e9loquente \u00e9crite par le directeur de th\u00e9\u00e2tre russe, \u00abKonstantin Stanislavsky\u00bb, dans son livre \u00abLa pr\u00e9paration de l'acteur\u00bb, il dit: \u00abLa com\u00e9die est un processus de cr\u00e9ation artistique visant \u00e0 traduire les id\u00e9es du dramaturge de la vie, du mouvement et de l'action, et dans\u2026","rel":"","context":"\u0641\u064a &quot;\u0623\u062e\u0628\u0627\u0631&quot;","block_context":{"text":"\u0623\u062e\u0628\u0627\u0631","link":"https:\/\/mondepress.net\/?cat=1"},"img":{"alt_text":"","src":"https:\/\/i0.wp.com\/mondepress.net\/wp-content\/uploads\/2021\/03\/IMG-20210303-WA0191.jpg?fit=1200%2C766&ssl=1&resize=350%2C200","width":350,"height":200,"srcset":"https:\/\/i0.wp.com\/mondepress.net\/wp-content\/uploads\/2021\/03\/IMG-20210303-WA0191.jpg?fit=1200%2C766&ssl=1&resize=350%2C200 1x, https:\/\/i0.wp.com\/mondepress.net\/wp-content\/uploads\/2021\/03\/IMG-20210303-WA0191.jpg?fit=1200%2C766&ssl=1&resize=525%2C300 1.5x, https:\/\/i0.wp.com\/mondepress.net\/wp-content\/uploads\/2021\/03\/IMG-20210303-WA0191.jpg?fit=1200%2C766&ssl=1&resize=700%2C400 2x, https:\/\/i0.wp.com\/mondepress.net\/wp-content\/uploads\/2021\/03\/IMG-20210303-WA0191.jpg?fit=1200%2C766&ssl=1&resize=1050%2C600 3x"},"classes":[]},{"id":67731,"url":"https:\/\/mondepress.net\/?p=67731","url_meta":{"origin":94838,"position":5},"title":"M. NASSER BOURITA S\u2019ENTRETIENT AVEC SON HOMOLOGUE GABONAIS","author":"Admin","date":"7 \u0645\u0627\u064a\u0648\u060c 2021","format":false,"excerpt":"\u0645\u0648\u0646\u062f \u0628\u0631\u064a\u0633 Dans le cadre du renforcement continu des relations strat\u00e9giques maroco-gabonaises, le ministre des Affaires Etrang\u00e8res, de la Coop\u00e9ration Africaine et des Marocains R\u00e9sidant \u00e0 l'Etranger, M. Nasser Bourita, s'est entretenu, aujourd\u2019hui, par visioconf\u00e9rence, avec son homologue, M. Pac\u00f4me Moubelet-Boubeya, ministre des Affaires \u00c9trang\u00e8res, de la Coop\u00e9ration, de la\u2026","rel":"","context":"\u0641\u064a &quot;\u0623\u062e\u0628\u0627\u0631&quot;","block_context":{"text":"\u0623\u062e\u0628\u0627\u0631","link":"https:\/\/mondepress.net\/?cat=1"},"img":{"alt_text":"","src":"https:\/\/i0.wp.com\/mondepress.net\/wp-content\/uploads\/2020\/06\/%D9%86%D8%A7%D8%B5%D8%B1-%D8%A8%D9%88%D8%B1%D9%8A%D8%B7%D8%A9.jpg?fit=780%2C468&ssl=1&resize=350%2C200","width":350,"height":200,"srcset":"https:\/\/i0.wp.com\/mondepress.net\/wp-content\/uploads\/2020\/06\/%D9%86%D8%A7%D8%B5%D8%B1-%D8%A8%D9%88%D8%B1%D9%8A%D8%B7%D8%A9.jpg?fit=780%2C468&ssl=1&resize=350%2C200 1x, https:\/\/i0.wp.com\/mondepress.net\/wp-content\/uploads\/2020\/06\/%D9%86%D8%A7%D8%B5%D8%B1-%D8%A8%D9%88%D8%B1%D9%8A%D8%B7%D8%A9.jpg?fit=780%2C468&ssl=1&resize=525%2C300 1.5x, https:\/\/i0.wp.com\/mondepress.net\/wp-content\/uploads\/2020\/06\/%D9%86%D8%A7%D8%B5%D8%B1-%D8%A8%D9%88%D8%B1%D9%8A%D8%B7%D8%A9.jpg?fit=780%2C468&ssl=1&resize=700%2C400 2x"},"classes":[]}],"jetpack_shortlink":"https:\/\/wp.me\/pdwNiK-oFE","jetpack_featured_media_url":"https:\/\/i0.wp.com\/mondepress.net\/wp-content\/uploads\/2022\/09\/Screenshot_20220916-133338_Gmail.jpg?fit=1080%2C611&ssl=1","_links":{"self":[{"href":"https:\/\/mondepress.net\/index.php?rest_route=\/wp\/v2\/posts\/94838","targetHints":{"allow":["GET"]}}],"collection":[{"href":"https:\/\/mondepress.net\/index.php?rest_route=\/wp\/v2\/posts"}],"about":[{"href":"https:\/\/mondepress.net\/index.php?rest_route=\/wp\/v2\/types\/post"}],"author":[{"embeddable":true,"href":"https:\/\/mondepress.net\/index.php?rest_route=\/wp\/v2\/users\/128"}],"replies":[{"embeddable":true,"href":"https:\/\/mondepress.net\/index.php?rest_route=%2Fwp%2Fv2%2Fcomments&post=94838"}],"version-history":[{"count":1,"href":"https:\/\/mondepress.net\/index.php?rest_route=\/wp\/v2\/posts\/94838\/revisions"}],"predecessor-version":[{"id":94840,"href":"https:\/\/mondepress.net\/index.php?rest_route=\/wp\/v2\/posts\/94838\/revisions\/94840"}],"wp:featuredmedia":[{"embeddable":true,"href":"https:\/\/mondepress.net\/index.php?rest_route=\/wp\/v2\/media\/94839"}],"wp:attachment":[{"href":"https:\/\/mondepress.net\/index.php?rest_route=%2Fwp%2Fv2%2Fmedia&parent=94838"}],"wp:term":[{"taxonomy":"category","embeddable":true,"href":"https:\/\/mondepress.net\/index.php?rest_route=%2Fwp%2Fv2%2Fcategories&post=94838"},{"taxonomy":"post_tag","embeddable":true,"href":"https:\/\/mondepress.net\/index.php?rest_route=%2Fwp%2Fv2%2Ftags&post=94838"}],"curies":[{"name":"wp","href":"https:\/\/api.w.org\/{rel}","templated":true}]}}