{"id":108085,"date":"2023-04-12T21:00:46","date_gmt":"2023-04-12T21:00:46","guid":{"rendered":"https:\/\/mondepress.net\/?p=108085"},"modified":"2023-04-12T20:44:34","modified_gmt":"2023-04-12T20:44:34","slug":"le-president-du-senat-canadien-salue-les-multiples-reformes-menees-au-maroc-sous-le-leadership-de-sm-le-roi-mohammed-vi","status":"publish","type":"post","link":"https:\/\/mondepress.net\/?p=108085","title":{"rendered":"Le pr\u00e9sident du S\u00e9nat canadien salue les multiples r\u00e9formes men\u00e9es au Maroc sous le leadership de SM le Roi Mohammed VI\u00a0"},"content":{"rendered":"<p>\u0645\u0648\u0646\u062f \u0628\u0631\u064a\u0633<\/p>\n<p>Le pr\u00e9sident du S\u00e9nat canadien, George F. Furey, en visite de travail au Maroc \u00e0 la t\u00eate d&#8217;une importante d\u00e9l\u00e9gation parlementaire, a salu\u00e9, mercredi \u00e0 Rabat, les multiples r\u00e9formes men\u00e9es sous le leadership de SM le Roi Mohammed VI, pour un Maroc plus prosp\u00e8re, inclusif, durable et ambitieux.<\/p>\n<p>Dans une d\u00e9claration \u00e0 la presse \u00e0 l&#8217;issue d&#8217;entretiens avec le ministre des affaires \u00e9trang\u00e8res, de la coop\u00e9ration africaine et des marocains r\u00e9sidant \u00e0 l\u2019\u00e9tranger, Nasser Bourita, M. Furey a remerci\u00e9 le Royaume pour sa &#8220;contribution indispensable&#8221; \u00e0 l\u2019ordre international, \u00e0 travers ses efforts dans la lutte contre le terrorisme et &#8220;son engagement sur les droits humains, en particulier, l\u2019\u00e9galit\u00e9 des genres&#8221;.<\/p>\n<p>Les relations entre les deux pays, \u00e9tablies depuis 1962, n\u2019ont cess\u00e9 de se d\u00e9velopper et de s\u2019approfondir dans de nombreux domaines, notamment \u00e9conomique ainsi qu&#8217;en mati\u00e8re de lutte contre le terrorisme, de l\u2019\u00e9galit\u00e9 des genres et de la prosp\u00e9rit\u00e9 inclusive, a soulign\u00e9 M. Furey, mettant en avant la contribution importante de la communaut\u00e9 marocaine (plus de 100.000 personnes) \u00e9tablie au Canada, la qualifiant de &#8220;tr\u00e8s dynamique&#8221;.<\/p>\n<p><img data-recalc-dims=\"1\" loading=\"lazy\" decoding=\"async\" class=\"alignnone size-medium wp-image-108087\" src=\"https:\/\/i0.wp.com\/mondepress.net\/wp-content\/uploads\/2023\/04\/IMG-20230412-WA0153.jpg?resize=300%2C200&#038;ssl=1\" alt=\"\" width=\"300\" height=\"200\" srcset=\"https:\/\/i0.wp.com\/mondepress.net\/wp-content\/uploads\/2023\/04\/IMG-20230412-WA0153.jpg?resize=300%2C200&amp;ssl=1 300w, https:\/\/i0.wp.com\/mondepress.net\/wp-content\/uploads\/2023\/04\/IMG-20230412-WA0153.jpg?resize=1024%2C682&amp;ssl=1 1024w, https:\/\/i0.wp.com\/mondepress.net\/wp-content\/uploads\/2023\/04\/IMG-20230412-WA0153.jpg?resize=768%2C512&amp;ssl=1 768w, https:\/\/i0.wp.com\/mondepress.net\/wp-content\/uploads\/2023\/04\/IMG-20230412-WA0153.jpg?w=1280&amp;ssl=1 1280w\" sizes=\"auto, (max-width: 300px) 100vw, 300px\" \/><\/p>\n<p>Le s\u00e9nateur s&#8217;est dit, \u00e9galement, encourag\u00e9 par &#8220;l\u2019augmentation du commerce bilat\u00e9ral entre les deux pays et le potentiel de croissance \u00e9conomique mutuellement b\u00e9n\u00e9fique, en particulier dans les secteurs de l\u2019agriculture, de l\u2019a\u00e9rospatial, de l\u2019\u00e9ducation, des infrastructures et des technologies vertes&#8221;.<\/p>\n<p>Et d\u2019ajouter que le Maroc, gr\u00e2ce \u00e0 ses liens \u00e9troits avec l\u2019Europe et l\u2019Afrique et \u00e0 son positionnement strat\u00e9gique, peut servir de tremplin vers le vaste continent africain pour les entreprises canadiennes, tout comme le Canada offre une passerelle bilingue pour les entreprises marocaines vers le march\u00e9 nord-am\u00e9ricain.<\/p>\n<p>Lors de cette visite au Royaume, la d\u00e9l\u00e9gation canadienne a eu \u00e9galement des entretiens avec le pr\u00e9sident de la Chambre des repr\u00e9sentants, Rachid Talbi Alami et le pr\u00e9sident de la Chambre des conseillers, Enaam Mayara.<\/p>\n","protected":false},"excerpt":{"rendered":"<div class=\"mh-excerpt\"><p>\u0645\u0648\u0646\u062f \u0628\u0631\u064a\u0633 Le pr\u00e9sident du S\u00e9nat canadien, George F. Furey, en visite de travail au Maroc \u00e0 la t\u00eate d&#8217;une importante d\u00e9l\u00e9gation parlementaire, a salu\u00e9, mercredi \u00e0 Rabat, les multiples r\u00e9formes men\u00e9es sous le leadership<\/p>\n<div class=\"nh-excerpt-more clearfix\"> <a class=\"\" href=\"https:\/\/mondepress.net\/?p=108085\" title=\"Le pr\u00e9sident du S\u00e9nat canadien salue les multiples r\u00e9formes men\u00e9es au Maroc sous le leadership de SM le Roi Mohammed VI\u00a0\">[&#8230;]<\/a><\/div>\n<\/div>","protected":false},"author":128,"featured_media":108086,"comment_status":"open","ping_status":"open","sticky":false,"template":"","format":"standard","meta":{"_jetpack_newsletter_access":"","_jetpack_dont_email_post_to_subs":false,"_jetpack_newsletter_tier_id":0,"_jetpack_memberships_contains_paywalled_content":false,"_jetpack_feature_clip_id":0,"_jetpack_memberships_contains_paid_content":false,"footnotes":"","jetpack_publicize_message":"","jetpack_publicize_feature_enabled":true,"jetpack_social_post_already_shared":true,"jetpack_social_options":{"image_generator_settings":{"template":"highway","default_image_id":0,"font":"","enabled":false},"version":2},"jetpack_post_was_ever_published":false},"categories":[1,25,15],"tags":[],"class_list":["post-108085","post","type-post","status-publish","format-standard","has-post-thumbnail","category-1","category-25","category-15"],"yoast_head":"<!-- This site is optimized with the Yoast SEO plugin v28.3 - https:\/\/yoast.com\/product\/yoast-seo-wordpress\/ -->\n<title>Le pr\u00e9sident du S\u00e9nat canadien salue les multiples r\u00e9formes men\u00e9es au Maroc sous le leadership de SM le Roi Mohammed VI\u00a0 \u062c\u0631\u064a\u062f\u0629 \u0645\u0648\u0646\u062f \u0628\u0631\u064a\u0633 \u0623\u062e\u0628\u0627\u0631<\/title>\n<meta name=\"robots\" content=\"index, follow, max-snippet:-1, max-image-preview:large, max-video-preview:-1\" \/>\n<link rel=\"canonical\" href=\"https:\/\/mondepress.net\/?p=108085\" \/>\n<meta property=\"og:locale\" content=\"ar_AR\" \/>\n<meta property=\"og:type\" content=\"article\" \/>\n<meta property=\"og:title\" content=\"Le pr\u00e9sident du S\u00e9nat canadien salue les multiples r\u00e9formes men\u00e9es au Maroc sous le leadership de SM le Roi Mohammed VI\u00a0 \u062c\u0631\u064a\u062f\u0629 \u0645\u0648\u0646\u062f \u0628\u0631\u064a\u0633 \u0623\u062e\u0628\u0627\u0631\" \/>\n<meta property=\"og:description\" content=\"\u0645\u0648\u0646\u062f \u0628\u0631\u064a\u0633 Le pr\u00e9sident du S\u00e9nat canadien, George F. Furey, en visite de travail au Maroc \u00e0 la t\u00eate d&#8217;une importante d\u00e9l\u00e9gation parlementaire, a salu\u00e9, mercredi \u00e0 Rabat, les multiples r\u00e9formes men\u00e9es sous le leadership [...]\" \/>\n<meta property=\"og:url\" content=\"https:\/\/mondepress.net\/?p=108085\" \/>\n<meta property=\"og:site_name\" content=\"\u062c\u0631\u064a\u062f\u0629 \u0645\u0648\u0646\u062f \u0628\u0631\u064a\u0633\" \/>\n<meta property=\"article:publisher\" content=\"https:\/\/www.facebook.com\/mondepress?mibextid=ZbWKwL\" \/>\n<meta property=\"article:author\" content=\"https:\/\/www.facebook.com\/hicham.zrairipro\" \/>\n<meta property=\"article:published_time\" content=\"2023-04-12T21:00:46+00:00\" \/>\n<meta property=\"og:image\" content=\"https:\/\/i0.wp.com\/mondepress.net\/wp-content\/uploads\/2023\/04\/IMG-20230412-WA0154.jpg?fit=1280%2C853&ssl=1\" \/>\n\t<meta property=\"og:image:width\" content=\"1280\" \/>\n\t<meta property=\"og:image:height\" content=\"853\" \/>\n\t<meta property=\"og:image:type\" content=\"image\/jpeg\" \/>\n<meta name=\"author\" content=\"Admin\" \/>\n<meta name=\"twitter:card\" content=\"summary_large_image\" \/>\n<meta name=\"twitter:creator\" content=\"@PresseMonde\" \/>\n<meta name=\"twitter:site\" content=\"@PresseMonde\" \/>\n<meta name=\"twitter:label1\" content=\"\u0643\u064f\u062a\u0628 \u0628\u0648\u0627\u0633\u0637\u0629\" \/>\n\t<meta name=\"twitter:data1\" content=\"Admin\" \/>\n\t<meta name=\"twitter:label2\" content=\"\u0648\u0642\u062a \u0627\u0644\u0642\u0631\u0627\u0621\u0629 \u0627\u0644\u0645\u064f\u0642\u062f\u0651\u0631\" \/>\n\t<meta name=\"twitter:data2\" content=\"\u062f\u0642\u064a\u0642\u062a\u0627\u0646\" \/>\n<script type=\"application\/ld+json\" class=\"yoast-schema-graph\">{\"@context\":\"https:\\\/\\\/schema.org\",\"@graph\":[{\"@type\":\"Article\",\"@id\":\"https:\\\/\\\/mondepress.net\\\/?p=108085#article\",\"isPartOf\":{\"@id\":\"https:\\\/\\\/mondepress.net\\\/?p=108085\"},\"author\":{\"name\":\"Admin\",\"@id\":\"https:\\\/\\\/mondepress.net\\\/#\\\/schema\\\/person\\\/8928d8bed4941457311b619f0a63da9c\"},\"headline\":\"Le pr\u00e9sident du S\u00e9nat canadien salue les multiples r\u00e9formes men\u00e9es au Maroc sous le leadership de SM le Roi Mohammed VI\u00a0\",\"datePublished\":\"2023-04-12T21:00:46+00:00\",\"mainEntityOfPage\":{\"@id\":\"https:\\\/\\\/mondepress.net\\\/?p=108085\"},\"wordCount\":355,\"commentCount\":0,\"image\":{\"@id\":\"https:\\\/\\\/mondepress.net\\\/?p=108085#primaryimage\"},\"thumbnailUrl\":\"https:\\\/\\\/i0.wp.com\\\/mondepress.net\\\/wp-content\\\/uploads\\\/2023\\\/04\\\/IMG-20230412-WA0154.jpg?fit=1280%2C853&ssl=1\",\"articleSection\":[\"\u0623\u062e\u0628\u0627\u0631\",\"\u0641\u064a \u0627\u0644\u0648\u0627\u062c\u0647\u0629\",\"\u0645\u062c\u062a\u0645\u0639\"],\"inLanguage\":\"ar\",\"potentialAction\":[{\"@type\":\"CommentAction\",\"name\":\"Comment\",\"target\":[\"https:\\\/\\\/mondepress.net\\\/?p=108085#respond\"]}]},{\"@type\":\"WebPage\",\"@id\":\"https:\\\/\\\/mondepress.net\\\/?p=108085\",\"url\":\"https:\\\/\\\/mondepress.net\\\/?p=108085\",\"name\":\"Le pr\u00e9sident du S\u00e9nat canadien salue les multiples r\u00e9formes men\u00e9es au Maroc sous le leadership de SM le Roi Mohammed VI\u00a0 \u062c\u0631\u064a\u062f\u0629 \u0645\u0648\u0646\u062f \u0628\u0631\u064a\u0633 \u0623\u062e\u0628\u0627\u0631\",\"isPartOf\":{\"@id\":\"https:\\\/\\\/mondepress.net\\\/#website\"},\"primaryImageOfPage\":{\"@id\":\"https:\\\/\\\/mondepress.net\\\/?p=108085#primaryimage\"},\"image\":{\"@id\":\"https:\\\/\\\/mondepress.net\\\/?p=108085#primaryimage\"},\"thumbnailUrl\":\"https:\\\/\\\/i0.wp.com\\\/mondepress.net\\\/wp-content\\\/uploads\\\/2023\\\/04\\\/IMG-20230412-WA0154.jpg?fit=1280%2C853&ssl=1\",\"datePublished\":\"2023-04-12T21:00:46+00:00\",\"author\":{\"@id\":\"https:\\\/\\\/mondepress.net\\\/#\\\/schema\\\/person\\\/8928d8bed4941457311b619f0a63da9c\"},\"breadcrumb\":{\"@id\":\"https:\\\/\\\/mondepress.net\\\/?p=108085#breadcrumb\"},\"inLanguage\":\"ar\",\"potentialAction\":[{\"@type\":\"ReadAction\",\"target\":[\"https:\\\/\\\/mondepress.net\\\/?p=108085\"]}]},{\"@type\":\"ImageObject\",\"inLanguage\":\"ar\",\"@id\":\"https:\\\/\\\/mondepress.net\\\/?p=108085#primaryimage\",\"url\":\"https:\\\/\\\/i0.wp.com\\\/mondepress.net\\\/wp-content\\\/uploads\\\/2023\\\/04\\\/IMG-20230412-WA0154.jpg?fit=1280%2C853&ssl=1\",\"contentUrl\":\"https:\\\/\\\/i0.wp.com\\\/mondepress.net\\\/wp-content\\\/uploads\\\/2023\\\/04\\\/IMG-20230412-WA0154.jpg?fit=1280%2C853&ssl=1\",\"width\":1280,\"height\":853},{\"@type\":\"BreadcrumbList\",\"@id\":\"https:\\\/\\\/mondepress.net\\\/?p=108085#breadcrumb\",\"itemListElement\":[{\"@type\":\"ListItem\",\"position\":1,\"name\":\"Home\",\"item\":\"https:\\\/\\\/mondepress.net\\\/\"},{\"@type\":\"ListItem\",\"position\":2,\"name\":\"Le pr\u00e9sident du S\u00e9nat canadien salue les multiples r\u00e9formes men\u00e9es au Maroc sous le leadership de SM le Roi Mohammed VI\u00a0\"}]},{\"@type\":\"WebSite\",\"@id\":\"https:\\\/\\\/mondepress.net\\\/#website\",\"url\":\"https:\\\/\\\/mondepress.net\\\/\",\"name\":\"\u062c\u0631\u064a\u062f\u0629 \u0645\u0648\u0646\u062f \u0628\u0631\u064a\u0633\",\"description\":\"\u0645\u0648\u0642\u0639 \u0625\u062e\u0628\u0627\u0631\u064a \u0645\u0633\u062a\u0642\u0644 \u064a\u0646\u0642\u0644 \u0623\u062e\u0628\u0627\u0631 \u0627\u0644\u062c\u0647\u0629 \u0648 \u0623\u062e\u0628\u0627\u0631 \u0627\u0644\u0648\u0637\u0646 \u0648\u0627\u0644\u0639\u0627\u0644\u0645 \u0627\u0644\u0639\u0631\u0628\u064a \u0648\u0627\u0644\u0625\u0633\u0644\u0627\u0645\u064a \u0648\u0627\u0644\u062f\u0648\u0644\u064a \u0648 \u064a\u0647\u062f\u0641 \u0625\u0644\u0649 \u0646\u0642\u0644 \u0645\u0627 \u064a\u062f\u0648\u0631 \u0645\u0646 \u0623\u062d\u062f\u0627\u062b \u0648\u0623\u062e\u0628\u0627\u0631 \u0645\u0646 \u0632\u0648\u0627\u064a\u0627 \u0645\u062e\u062a\u0644\u0641\u0629 \u0645\u0644\u062a\u0632\u0645 \u0628\u0645\u064a\u062b\u0627\u0642 \u0634\u0631\u0641 \u0627\u0644\u0635\u062d\u0627\u0641\u0629 \u0648\u0623\u062e\u0644\u0627\u0642\u064a\u0627\u062a \u0627\u0644\u0639\u0645\u0644 \u0627\u0644\u0635\u062d\u0641\u064a \u0628\u0635\u0648\u0631\u062a\u0647 \u0627\u0644\u0639\u0627\u0645\u0629 \u0648\u0627\u0644\u0634\u0641\u0627\u0641\u064a\u0629 \u0648 \u0627\u0644\u062d\u064a\u0627\u062f\u064a\u0629 \u0627\u0644\u062a\u0627\u0645\u0629 \u0628\u0639\u064a\u062f\u0627\u064b \u0639\u0646 \u0627\u0644\u062a\u062d\u064a\u0632 \u0644\u0623\u064a \u062c\u0647\u0629 \u060c \u0645\u0644\u062a\u0632\u0645\u064a\u0646 \u0628\u0627\u0644\u0645\u0628\u0627\u062f\u0626 \u0627\u0644\u062f\u064a\u0646\u064a\u0629 \u0627\u0644\u0625\u0633\u0644\u0627\u0645\u064a\u0629 \u0648\u0628\u0642\u0648\u0627\u0646\u064a\u0646 \u0648\u0623\u0646\u0638\u0645\u0629 \u0627\u0644\u0628\u0644\u062f .\",\"potentialAction\":[{\"@type\":\"SearchAction\",\"target\":{\"@type\":\"EntryPoint\",\"urlTemplate\":\"https:\\\/\\\/mondepress.net\\\/?s={search_term_string}\"},\"query-input\":{\"@type\":\"PropertyValueSpecification\",\"valueRequired\":true,\"valueName\":\"search_term_string\"}}],\"inLanguage\":\"ar\"},{\"@type\":\"Person\",\"@id\":\"https:\\\/\\\/mondepress.net\\\/#\\\/schema\\\/person\\\/8928d8bed4941457311b619f0a63da9c\",\"name\":\"Admin\",\"image\":{\"@type\":\"ImageObject\",\"inLanguage\":\"ar\",\"@id\":\"https:\\\/\\\/secure.gravatar.com\\\/avatar\\\/377431318539315720405a4eaae6bdeb73f79d6f7636efee3859dbbe0122899b?s=96&d=mm&r=g\",\"url\":\"https:\\\/\\\/secure.gravatar.com\\\/avatar\\\/377431318539315720405a4eaae6bdeb73f79d6f7636efee3859dbbe0122899b?s=96&d=mm&r=g\",\"contentUrl\":\"https:\\\/\\\/secure.gravatar.com\\\/avatar\\\/377431318539315720405a4eaae6bdeb73f79d6f7636efee3859dbbe0122899b?s=96&d=mm&r=g\",\"caption\":\"Admin\"},\"sameAs\":[\"http:\\\/\\\/www.mondepress.net\",\"https:\\\/\\\/www.facebook.com\\\/hicham.zrairipro\",\"https:\\\/\\\/www.instagram.com\\\/mondepress.net1\\\/\",\"https:\\\/\\\/www.youtube.com\\\/@mondepresse\"],\"url\":\"https:\\\/\\\/mondepress.net\\\/?author=128\"}]}<\/script>\n<!-- \/ Yoast SEO plugin. -->","yoast_head_json":{"title":"Le pr\u00e9sident du S\u00e9nat canadien salue les multiples r\u00e9formes men\u00e9es au Maroc sous le leadership de SM le Roi Mohammed VI\u00a0 \u062c\u0631\u064a\u062f\u0629 \u0645\u0648\u0646\u062f \u0628\u0631\u064a\u0633 \u0623\u062e\u0628\u0627\u0631","robots":{"index":"index","follow":"follow","max-snippet":"max-snippet:-1","max-image-preview":"max-image-preview:large","max-video-preview":"max-video-preview:-1"},"canonical":"https:\/\/mondepress.net\/?p=108085","og_locale":"ar_AR","og_type":"article","og_title":"Le pr\u00e9sident du S\u00e9nat canadien salue les multiples r\u00e9formes men\u00e9es au Maroc sous le leadership de SM le Roi Mohammed VI\u00a0 \u062c\u0631\u064a\u062f\u0629 \u0645\u0648\u0646\u062f \u0628\u0631\u064a\u0633 \u0623\u062e\u0628\u0627\u0631","og_description":"\u0645\u0648\u0646\u062f \u0628\u0631\u064a\u0633 Le pr\u00e9sident du S\u00e9nat canadien, George F. Furey, en visite de travail au Maroc \u00e0 la t\u00eate d&#8217;une importante d\u00e9l\u00e9gation parlementaire, a salu\u00e9, mercredi \u00e0 Rabat, les multiples r\u00e9formes men\u00e9es sous le leadership [...]","og_url":"https:\/\/mondepress.net\/?p=108085","og_site_name":"\u062c\u0631\u064a\u062f\u0629 \u0645\u0648\u0646\u062f \u0628\u0631\u064a\u0633","article_publisher":"https:\/\/www.facebook.com\/mondepress?mibextid=ZbWKwL","article_author":"https:\/\/www.facebook.com\/hicham.zrairipro","article_published_time":"2023-04-12T21:00:46+00:00","og_image":[{"width":1280,"height":853,"url":"https:\/\/i0.wp.com\/mondepress.net\/wp-content\/uploads\/2023\/04\/IMG-20230412-WA0154.jpg?fit=1280%2C853&ssl=1","type":"image\/jpeg"}],"author":"Admin","twitter_card":"summary_large_image","twitter_creator":"@PresseMonde","twitter_site":"@PresseMonde","twitter_misc":{"\u0643\u064f\u062a\u0628 \u0628\u0648\u0627\u0633\u0637\u0629":"Admin","\u0648\u0642\u062a \u0627\u0644\u0642\u0631\u0627\u0621\u0629 \u0627\u0644\u0645\u064f\u0642\u062f\u0651\u0631":"\u062f\u0642\u064a\u0642\u062a\u0627\u0646"},"schema":{"@context":"https:\/\/schema.org","@graph":[{"@type":"Article","@id":"https:\/\/mondepress.net\/?p=108085#article","isPartOf":{"@id":"https:\/\/mondepress.net\/?p=108085"},"author":{"name":"Admin","@id":"https:\/\/mondepress.net\/#\/schema\/person\/8928d8bed4941457311b619f0a63da9c"},"headline":"Le pr\u00e9sident du S\u00e9nat canadien salue les multiples r\u00e9formes men\u00e9es au Maroc sous le leadership de SM le Roi Mohammed VI\u00a0","datePublished":"2023-04-12T21:00:46+00:00","mainEntityOfPage":{"@id":"https:\/\/mondepress.net\/?p=108085"},"wordCount":355,"commentCount":0,"image":{"@id":"https:\/\/mondepress.net\/?p=108085#primaryimage"},"thumbnailUrl":"https:\/\/i0.wp.com\/mondepress.net\/wp-content\/uploads\/2023\/04\/IMG-20230412-WA0154.jpg?fit=1280%2C853&ssl=1","articleSection":["\u0623\u062e\u0628\u0627\u0631","\u0641\u064a \u0627\u0644\u0648\u0627\u062c\u0647\u0629","\u0645\u062c\u062a\u0645\u0639"],"inLanguage":"ar","potentialAction":[{"@type":"CommentAction","name":"Comment","target":["https:\/\/mondepress.net\/?p=108085#respond"]}]},{"@type":"WebPage","@id":"https:\/\/mondepress.net\/?p=108085","url":"https:\/\/mondepress.net\/?p=108085","name":"Le pr\u00e9sident du S\u00e9nat canadien salue les multiples r\u00e9formes men\u00e9es au Maroc sous le leadership de SM le Roi Mohammed VI\u00a0 \u062c\u0631\u064a\u062f\u0629 \u0645\u0648\u0646\u062f \u0628\u0631\u064a\u0633 \u0623\u062e\u0628\u0627\u0631","isPartOf":{"@id":"https:\/\/mondepress.net\/#website"},"primaryImageOfPage":{"@id":"https:\/\/mondepress.net\/?p=108085#primaryimage"},"image":{"@id":"https:\/\/mondepress.net\/?p=108085#primaryimage"},"thumbnailUrl":"https:\/\/i0.wp.com\/mondepress.net\/wp-content\/uploads\/2023\/04\/IMG-20230412-WA0154.jpg?fit=1280%2C853&ssl=1","datePublished":"2023-04-12T21:00:46+00:00","author":{"@id":"https:\/\/mondepress.net\/#\/schema\/person\/8928d8bed4941457311b619f0a63da9c"},"breadcrumb":{"@id":"https:\/\/mondepress.net\/?p=108085#breadcrumb"},"inLanguage":"ar","potentialAction":[{"@type":"ReadAction","target":["https:\/\/mondepress.net\/?p=108085"]}]},{"@type":"ImageObject","inLanguage":"ar","@id":"https:\/\/mondepress.net\/?p=108085#primaryimage","url":"https:\/\/i0.wp.com\/mondepress.net\/wp-content\/uploads\/2023\/04\/IMG-20230412-WA0154.jpg?fit=1280%2C853&ssl=1","contentUrl":"https:\/\/i0.wp.com\/mondepress.net\/wp-content\/uploads\/2023\/04\/IMG-20230412-WA0154.jpg?fit=1280%2C853&ssl=1","width":1280,"height":853},{"@type":"BreadcrumbList","@id":"https:\/\/mondepress.net\/?p=108085#breadcrumb","itemListElement":[{"@type":"ListItem","position":1,"name":"Home","item":"https:\/\/mondepress.net\/"},{"@type":"ListItem","position":2,"name":"Le pr\u00e9sident du S\u00e9nat canadien salue les multiples r\u00e9formes men\u00e9es au Maroc sous le leadership de SM le Roi Mohammed VI\u00a0"}]},{"@type":"WebSite","@id":"https:\/\/mondepress.net\/#website","url":"https:\/\/mondepress.net\/","name":"\u062c\u0631\u064a\u062f\u0629 \u0645\u0648\u0646\u062f \u0628\u0631\u064a\u0633","description":"\u0645\u0648\u0642\u0639 \u0625\u062e\u0628\u0627\u0631\u064a \u0645\u0633\u062a\u0642\u0644 \u064a\u0646\u0642\u0644 \u0623\u062e\u0628\u0627\u0631 \u0627\u0644\u062c\u0647\u0629 \u0648 \u0623\u062e\u0628\u0627\u0631 \u0627\u0644\u0648\u0637\u0646 \u0648\u0627\u0644\u0639\u0627\u0644\u0645 \u0627\u0644\u0639\u0631\u0628\u064a \u0648\u0627\u0644\u0625\u0633\u0644\u0627\u0645\u064a \u0648\u0627\u0644\u062f\u0648\u0644\u064a \u0648 \u064a\u0647\u062f\u0641 \u0625\u0644\u0649 \u0646\u0642\u0644 \u0645\u0627 \u064a\u062f\u0648\u0631 \u0645\u0646 \u0623\u062d\u062f\u0627\u062b \u0648\u0623\u062e\u0628\u0627\u0631 \u0645\u0646 \u0632\u0648\u0627\u064a\u0627 \u0645\u062e\u062a\u0644\u0641\u0629 \u0645\u0644\u062a\u0632\u0645 \u0628\u0645\u064a\u062b\u0627\u0642 \u0634\u0631\u0641 \u0627\u0644\u0635\u062d\u0627\u0641\u0629 \u0648\u0623\u062e\u0644\u0627\u0642\u064a\u0627\u062a \u0627\u0644\u0639\u0645\u0644 \u0627\u0644\u0635\u062d\u0641\u064a \u0628\u0635\u0648\u0631\u062a\u0647 \u0627\u0644\u0639\u0627\u0645\u0629 \u0648\u0627\u0644\u0634\u0641\u0627\u0641\u064a\u0629 \u0648 \u0627\u0644\u062d\u064a\u0627\u062f\u064a\u0629 \u0627\u0644\u062a\u0627\u0645\u0629 \u0628\u0639\u064a\u062f\u0627\u064b \u0639\u0646 \u0627\u0644\u062a\u062d\u064a\u0632 \u0644\u0623\u064a \u062c\u0647\u0629 \u060c \u0645\u0644\u062a\u0632\u0645\u064a\u0646 \u0628\u0627\u0644\u0645\u0628\u0627\u062f\u0626 \u0627\u0644\u062f\u064a\u0646\u064a\u0629 \u0627\u0644\u0625\u0633\u0644\u0627\u0645\u064a\u0629 \u0648\u0628\u0642\u0648\u0627\u0646\u064a\u0646 \u0648\u0623\u0646\u0638\u0645\u0629 \u0627\u0644\u0628\u0644\u062f .","potentialAction":[{"@type":"SearchAction","target":{"@type":"EntryPoint","urlTemplate":"https:\/\/mondepress.net\/?s={search_term_string}"},"query-input":{"@type":"PropertyValueSpecification","valueRequired":true,"valueName":"search_term_string"}}],"inLanguage":"ar"},{"@type":"Person","@id":"https:\/\/mondepress.net\/#\/schema\/person\/8928d8bed4941457311b619f0a63da9c","name":"Admin","image":{"@type":"ImageObject","inLanguage":"ar","@id":"https:\/\/secure.gravatar.com\/avatar\/377431318539315720405a4eaae6bdeb73f79d6f7636efee3859dbbe0122899b?s=96&d=mm&r=g","url":"https:\/\/secure.gravatar.com\/avatar\/377431318539315720405a4eaae6bdeb73f79d6f7636efee3859dbbe0122899b?s=96&d=mm&r=g","contentUrl":"https:\/\/secure.gravatar.com\/avatar\/377431318539315720405a4eaae6bdeb73f79d6f7636efee3859dbbe0122899b?s=96&d=mm&r=g","caption":"Admin"},"sameAs":["http:\/\/www.mondepress.net","https:\/\/www.facebook.com\/hicham.zrairipro","https:\/\/www.instagram.com\/mondepress.net1\/","https:\/\/www.youtube.com\/@mondepresse"],"url":"https:\/\/mondepress.net\/?author=128"}]}},"jetpack_publicize_connections":[],"jetpack_sharing_enabled":true,"jetpack_likes_enabled":true,"jetpack-related-posts":[{"id":65224,"url":"https:\/\/mondepress.net\/?p=65224","url_meta":{"origin":108085,"position":0},"title":"La Question du Sahara Marocain \u00e9tait au c\u0153ur des discussions tenues ce 19 mars 2021 \u00e0 Tournai (Belgique)","author":"Admin","date":"21 \u0645\u0627\u0631\u0633\u060c 2021","format":false,"excerpt":"\u0645\u0648\u0646\u062f \u0628\u0631\u064a\u0633 entre le Bourgmestre de la Ville Monsieur Paul Olivier DELANNOIS et le Consul General du Royaume du Maroc \u00e0 Li\u00e8ge Monsieur Hassan TOURI, qui effectuait une visite officielle dans la capitale du \u201cCapitale de la Wallonie Picarde\u201d \u00a0 sur invitation du Mayeur. \u00c0 l\u2019issue d\u2019entretiens priv\u00e9s entre eux,\u2026","rel":"","context":"\u0641\u064a &quot;\u0623\u062e\u0628\u0627\u0631&quot;","block_context":{"text":"\u0623\u062e\u0628\u0627\u0631","link":"https:\/\/mondepress.net\/?cat=1"},"img":{"alt_text":"","src":"https:\/\/i0.wp.com\/mondepress.net\/wp-content\/uploads\/2021\/03\/IMG-20210321-WA0183.jpg?fit=751%2C1024&ssl=1&resize=350%2C200","width":350,"height":200,"srcset":"https:\/\/i0.wp.com\/mondepress.net\/wp-content\/uploads\/2021\/03\/IMG-20210321-WA0183.jpg?fit=751%2C1024&ssl=1&resize=350%2C200 1x, https:\/\/i0.wp.com\/mondepress.net\/wp-content\/uploads\/2021\/03\/IMG-20210321-WA0183.jpg?fit=751%2C1024&ssl=1&resize=525%2C300 1.5x, https:\/\/i0.wp.com\/mondepress.net\/wp-content\/uploads\/2021\/03\/IMG-20210321-WA0183.jpg?fit=751%2C1024&ssl=1&resize=700%2C400 2x"},"classes":[]},{"id":67731,"url":"https:\/\/mondepress.net\/?p=67731","url_meta":{"origin":108085,"position":1},"title":"M. NASSER BOURITA S\u2019ENTRETIENT AVEC SON HOMOLOGUE GABONAIS","author":"Admin","date":"7 \u0645\u0627\u064a\u0648\u060c 2021","format":false,"excerpt":"\u0645\u0648\u0646\u062f \u0628\u0631\u064a\u0633 Dans le cadre du renforcement continu des relations strat\u00e9giques maroco-gabonaises, le ministre des Affaires Etrang\u00e8res, de la Coop\u00e9ration Africaine et des Marocains R\u00e9sidant \u00e0 l'Etranger, M. Nasser Bourita, s'est entretenu, aujourd\u2019hui, par visioconf\u00e9rence, avec son homologue, M. Pac\u00f4me Moubelet-Boubeya, ministre des Affaires \u00c9trang\u00e8res, de la Coop\u00e9ration, de la\u2026","rel":"","context":"\u0641\u064a &quot;\u0623\u062e\u0628\u0627\u0631&quot;","block_context":{"text":"\u0623\u062e\u0628\u0627\u0631","link":"https:\/\/mondepress.net\/?cat=1"},"img":{"alt_text":"","src":"https:\/\/i0.wp.com\/mondepress.net\/wp-content\/uploads\/2020\/06\/%D9%86%D8%A7%D8%B5%D8%B1-%D8%A8%D9%88%D8%B1%D9%8A%D8%B7%D8%A9.jpg?fit=780%2C468&ssl=1&resize=350%2C200","width":350,"height":200,"srcset":"https:\/\/i0.wp.com\/mondepress.net\/wp-content\/uploads\/2020\/06\/%D9%86%D8%A7%D8%B5%D8%B1-%D8%A8%D9%88%D8%B1%D9%8A%D8%B7%D8%A9.jpg?fit=780%2C468&ssl=1&resize=350%2C200 1x, https:\/\/i0.wp.com\/mondepress.net\/wp-content\/uploads\/2020\/06\/%D9%86%D8%A7%D8%B5%D8%B1-%D8%A8%D9%88%D8%B1%D9%8A%D8%B7%D8%A9.jpg?fit=780%2C468&ssl=1&resize=525%2C300 1.5x, https:\/\/i0.wp.com\/mondepress.net\/wp-content\/uploads\/2020\/06\/%D9%86%D8%A7%D8%B5%D8%B1-%D8%A8%D9%88%D8%B1%D9%8A%D8%B7%D8%A9.jpg?fit=780%2C468&ssl=1&resize=700%2C400 2x"},"classes":[]},{"id":67899,"url":"https:\/\/mondepress.net\/?p=67899","url_meta":{"origin":108085,"position":2},"title":"Mastafa Amadjar, Directeur de la Communication du Maroc\u00a0: \u00ab\u00a0La presse doit se red\u00e9ployer face \u00e0 la r\u00e9volution digitale\u00a0\u00bb","author":"Admin","date":"9 \u0645\u0627\u064a\u0648\u060c 2021","format":false,"excerpt":"www.mondepress.net Mastafa Amadjar est le Directeur de la Communication au minist\u00e8re de la Culture, de la Jeunesse et des Sports du Maroc. Dans cette interview, il \u00e9voque la situation de la presse dans le royaume ch\u00e9rifien dans un double contexte marqu\u00e9 par la crise sanitaire et le d\u00e9veloppement du digital.\u00a0\u2026","rel":"","context":"\u0641\u064a &quot;\u0623\u062e\u0628\u0627\u0631&quot;","block_context":{"text":"\u0623\u062e\u0628\u0627\u0631","link":"https:\/\/mondepress.net\/?cat=1"},"img":{"alt_text":"","src":"https:\/\/i0.wp.com\/mondepress.net\/wp-content\/uploads\/2021\/05\/Screenshot_20210509-001338_Chrome.jpg?fit=939%2C602&ssl=1&resize=350%2C200","width":350,"height":200,"srcset":"https:\/\/i0.wp.com\/mondepress.net\/wp-content\/uploads\/2021\/05\/Screenshot_20210509-001338_Chrome.jpg?fit=939%2C602&ssl=1&resize=350%2C200 1x, https:\/\/i0.wp.com\/mondepress.net\/wp-content\/uploads\/2021\/05\/Screenshot_20210509-001338_Chrome.jpg?fit=939%2C602&ssl=1&resize=525%2C300 1.5x, https:\/\/i0.wp.com\/mondepress.net\/wp-content\/uploads\/2021\/05\/Screenshot_20210509-001338_Chrome.jpg?fit=939%2C602&ssl=1&resize=700%2C400 2x"},"classes":[]},{"id":13120,"url":"https:\/\/mondepress.net\/?p=13120","url_meta":{"origin":108085,"position":3},"title":"Le pr\u00e9ambule de la constitution en France et au Maroc :vers une \u00e9tude comparative","author":"Admin","date":"5 \u0645\u0627\u064a\u0648\u060c 2019","format":false,"excerpt":"Monde press : Par Abderrahim Adnaoui Professeur desciences politiques Universit\u00e9Hassan II ; FSJES Ain Chock Un pr\u00e9ambule, c\u2019est, selon le Littr\u00e9, < ce qui s\u2019\u00e9crit ou ce qui se dit avant de commencer quelque chose, et qui est comme l\u2019introduction, pour pr\u00e9parer le lecteur ou l\u2019auditeur a ce qui doit\u2026","rel":"","context":"\u0641\u064a &quot;\u0623\u0642\u0644\u0627\u0645 \u0645\u0648\u0646\u062f \u0628\u0631\u064a\u0633&quot;","block_context":{"text":"\u0623\u0642\u0644\u0627\u0645 \u0645\u0648\u0646\u062f \u0628\u0631\u064a\u0633","link":"https:\/\/mondepress.net\/?cat=27"},"img":{"alt_text":"","src":"https:\/\/i0.wp.com\/mondepress.net\/wp-content\/uploads\/2019\/05\/received_288158965464687.jpeg?fit=829%2C646&ssl=1&resize=350%2C200","width":350,"height":200,"srcset":"https:\/\/i0.wp.com\/mondepress.net\/wp-content\/uploads\/2019\/05\/received_288158965464687.jpeg?fit=829%2C646&ssl=1&resize=350%2C200 1x, https:\/\/i0.wp.com\/mondepress.net\/wp-content\/uploads\/2019\/05\/received_288158965464687.jpeg?fit=829%2C646&ssl=1&resize=525%2C300 1.5x, https:\/\/i0.wp.com\/mondepress.net\/wp-content\/uploads\/2019\/05\/received_288158965464687.jpeg?fit=829%2C646&ssl=1&resize=700%2C400 2x"},"classes":[]},{"id":49788,"url":"https:\/\/mondepress.net\/?p=49788","url_meta":{"origin":108085,"position":4},"title":"Le Comit\u00e9 R\u00e9gional de Veille Economique de la R\u00e9gion de Casablanca- Settat a tenu le mercredi 26 Ao\u00fbt 2020, sa troisi\u00e8me r\u00e9union sous la pr\u00e9sidence du Wali de la r\u00e9gion Monsieur Said AHMIDOUCH, en pr\u00e9sence de M. BAKKOURY, Pr\u00e9sident du Conseil de la r\u00e9gion.","author":"Admin","date":"27 \u0623\u063a\u0633\u0637\u0633\u060c 2020","format":false,"excerpt":"\u00a0 :Monde press Cette r\u00e9union a \u00e9t\u00e9 l\u2019occasion de pr\u00e9senter la restitution des recommandations issues de la concertation g\u00e9n\u00e9rale lanc\u00e9e et orchestr\u00e9e par le CRI, selon une d\u00e9marche participative, innovante et cr\u00e9ative, qui a su mobiliser plus de 120 organismes tout statut confondu : CGEM, f\u00e9d\u00e9rations, conf\u00e9d\u00e9rations sectorielles et associations\u2026","rel":"","context":"\u0641\u064a &quot;\u0623\u062e\u0628\u0627\u0631&quot;","block_context":{"text":"\u0623\u062e\u0628\u0627\u0631","link":"https:\/\/mondepress.net\/?cat=1"},"img":{"alt_text":"","src":"https:\/\/i0.wp.com\/mondepress.net\/wp-content\/uploads\/2020\/08\/received_310792387015996.jpeg?fit=1200%2C948&ssl=1&resize=350%2C200","width":350,"height":200,"srcset":"https:\/\/i0.wp.com\/mondepress.net\/wp-content\/uploads\/2020\/08\/received_310792387015996.jpeg?fit=1200%2C948&ssl=1&resize=350%2C200 1x, https:\/\/i0.wp.com\/mondepress.net\/wp-content\/uploads\/2020\/08\/received_310792387015996.jpeg?fit=1200%2C948&ssl=1&resize=525%2C300 1.5x, https:\/\/i0.wp.com\/mondepress.net\/wp-content\/uploads\/2020\/08\/received_310792387015996.jpeg?fit=1200%2C948&ssl=1&resize=700%2C400 2x, https:\/\/i0.wp.com\/mondepress.net\/wp-content\/uploads\/2020\/08\/received_310792387015996.jpeg?fit=1200%2C948&ssl=1&resize=1050%2C600 3x"},"classes":[]},{"id":71389,"url":"https:\/\/mondepress.net\/?p=71389","url_meta":{"origin":108085,"position":5},"title":"&#8221; Une question dans le cin\u00e9ma marocain pour le r\u00e9alisateur Saad Chraibi&#8221;","author":"Admin","date":"7 \u064a\u0648\u0644\u064a\u0648\u060c 2021","format":false,"excerpt":"\u0645\u0648\u0646\u062f \u0628\u0631\u064a\u0633 Pr\u00e9par\u00e9 et pr\u00e9sent\u00e9 par : Abderrahim ECHCHAFII - journaliste - chercheur en \u00e9tudes cin\u00e9matographiques - assistant r\u00e9alisateur Bienvenue \u00e0 l'invit\u00e9 d'honneur, le r\u00e9alisateur marocain Saad Chraibi, r\u00e9alisateur du film \"Islam Ya Salam\". Au d\u00e9but, pr\u00e9sentez-vous aux lecteurs? R : Sa\u00e2d Chraibi est un sc\u00e9nariste\/ R\u00e9alisateur\/ producteur qui travaille\u2026","rel":"","context":"\u0641\u064a &quot;\u0623\u062e\u0628\u0627\u0631&quot;","block_context":{"text":"\u0623\u062e\u0628\u0627\u0631","link":"https:\/\/mondepress.net\/?cat=1"},"img":{"alt_text":"","src":"https:\/\/i0.wp.com\/mondepress.net\/wp-content\/uploads\/2021\/07\/IMG-20210707-WA0079.jpg?fit=720%2C404&ssl=1&resize=350%2C200","width":350,"height":200,"srcset":"https:\/\/i0.wp.com\/mondepress.net\/wp-content\/uploads\/2021\/07\/IMG-20210707-WA0079.jpg?fit=720%2C404&ssl=1&resize=350%2C200 1x, https:\/\/i0.wp.com\/mondepress.net\/wp-content\/uploads\/2021\/07\/IMG-20210707-WA0079.jpg?fit=720%2C404&ssl=1&resize=525%2C300 1.5x, https:\/\/i0.wp.com\/mondepress.net\/wp-content\/uploads\/2021\/07\/IMG-20210707-WA0079.jpg?fit=720%2C404&ssl=1&resize=700%2C400 2x"},"classes":[]}],"jetpack_shortlink":"https:\/\/wp.me\/pdwNiK-s7j","jetpack_featured_media_url":"https:\/\/i0.wp.com\/mondepress.net\/wp-content\/uploads\/2023\/04\/IMG-20230412-WA0154.jpg?fit=1280%2C853&ssl=1","_links":{"self":[{"href":"https:\/\/mondepress.net\/index.php?rest_route=\/wp\/v2\/posts\/108085","targetHints":{"allow":["GET"]}}],"collection":[{"href":"https:\/\/mondepress.net\/index.php?rest_route=\/wp\/v2\/posts"}],"about":[{"href":"https:\/\/mondepress.net\/index.php?rest_route=\/wp\/v2\/types\/post"}],"author":[{"embeddable":true,"href":"https:\/\/mondepress.net\/index.php?rest_route=\/wp\/v2\/users\/128"}],"replies":[{"embeddable":true,"href":"https:\/\/mondepress.net\/index.php?rest_route=%2Fwp%2Fv2%2Fcomments&post=108085"}],"version-history":[{"count":1,"href":"https:\/\/mondepress.net\/index.php?rest_route=\/wp\/v2\/posts\/108085\/revisions"}],"predecessor-version":[{"id":108088,"href":"https:\/\/mondepress.net\/index.php?rest_route=\/wp\/v2\/posts\/108085\/revisions\/108088"}],"wp:featuredmedia":[{"embeddable":true,"href":"https:\/\/mondepress.net\/index.php?rest_route=\/wp\/v2\/media\/108086"}],"wp:attachment":[{"href":"https:\/\/mondepress.net\/index.php?rest_route=%2Fwp%2Fv2%2Fmedia&parent=108085"}],"wp:term":[{"taxonomy":"category","embeddable":true,"href":"https:\/\/mondepress.net\/index.php?rest_route=%2Fwp%2Fv2%2Fcategories&post=108085"},{"taxonomy":"post_tag","embeddable":true,"href":"https:\/\/mondepress.net\/index.php?rest_route=%2Fwp%2Fv2%2Ftags&post=108085"}],"curies":[{"name":"wp","href":"https:\/\/api.w.org\/{rel}","templated":true}]}}